{"id":196,"date":"2021-01-14T10:49:27","date_gmt":"2021-01-14T10:49:27","guid":{"rendered":"http:\/\/www.embaling.com\/blog\/?p=196"},"modified":"2023-02-06T15:38:30","modified_gmt":"2023-02-06T15:38:30","slug":"embalajes-ecologicos","status":"publish","type":"post","link":"https:\/\/embaling.com\/blog\/embalajes-ecologicos\/","title":{"rendered":"Embalajes ecol\u00f3gicos"},"content":{"rendered":"<div id=\"bsf_rt_marker\"><\/div><p>En Embaling somos conscientes de la importancia que tienen las pr\u00e1cticas responsables que respetan el medio ambiente y que permiten un avance de la sociedad hacia un mundo mejor. Por eso consideramos importante el uso de <a href=\"https:\/\/embaling.com\/productos\/gama-ecologica\">embalajes ecol\u00f3gicos<\/a> en sus env\u00edos, reduciendo la huella ecol\u00f3gica.<\/p>\n<div id=\"ez-toc-container\" class=\"ez-toc-v2_0_82_2 counter-hierarchy ez-toc-counter ez-toc-grey ez-toc-container-direction\">\n<div class=\"ez-toc-title-container\"><p class=\"ez-toc-title\" style=\"cursor:inherit\">Contenido<\/p>\n<\/div><nav><ul class='ez-toc-list ez-toc-list-level-1 ' ><li class='ez-toc-page-1 ez-toc-heading-level-2'><a class=\"ez-toc-link ez-toc-heading-1\" href=\"https:\/\/embaling.com\/blog\/embalajes-ecologicos\/#%C2%BFPor_que_utilizar_embalajes_ecologicos\" >\u00bfPor qu\u00e9 utilizar embalajes ecol\u00f3gicos?<\/a><\/li><li class='ez-toc-page-1 ez-toc-heading-level-2'><a class=\"ez-toc-link ez-toc-heading-2\" href=\"https:\/\/embaling.com\/blog\/embalajes-ecologicos\/#%C2%BFEn_que_consiste_la_regla_de_las_3Rs\" >\u00bfEn qu\u00e9 consiste la regla de las 3R\u2019s?<\/a><ul class='ez-toc-list-level-3' ><li class='ez-toc-heading-level-3'><a class=\"ez-toc-link ez-toc-heading-3\" href=\"https:\/\/embaling.com\/blog\/embalajes-ecologicos\/#Reducir_Reutilizar_y_Reciclar\" >Reducir, Reutilizar y Reciclar<\/a><ul class='ez-toc-list-level-4' ><li class='ez-toc-heading-level-4'><a class=\"ez-toc-link ez-toc-heading-4\" href=\"https:\/\/embaling.com\/blog\/embalajes-ecologicos\/#Reducir\" >Reducir<\/a><\/li><li class='ez-toc-page-1 ez-toc-heading-level-4'><a class=\"ez-toc-link ez-toc-heading-5\" href=\"https:\/\/embaling.com\/blog\/embalajes-ecologicos\/#Reutilizar\" >Reutilizar<\/a><\/li><li class='ez-toc-page-1 ez-toc-heading-level-4'><a class=\"ez-toc-link ez-toc-heading-6\" href=\"https:\/\/embaling.com\/blog\/embalajes-ecologicos\/#Reciclar\" >Reciclar<\/a><\/li><\/ul><\/li><\/ul><\/li><li class='ez-toc-page-1 ez-toc-heading-level-2'><a class=\"ez-toc-link ez-toc-heading-7\" href=\"https:\/\/embaling.com\/blog\/embalajes-ecologicos\/#_%C2%BFCuales_son_las_diferencias_entre_biodegradable_y_compostable\" >\u00a0\u00bfCu\u00e1les son las diferencias entre biodegradable y compostable?<\/a><\/li><\/ul><\/nav><\/div>\n<h2><span class=\"ez-toc-section\" id=\"%C2%BFPor_que_utilizar_embalajes_ecologicos\"><\/span>\u00bfPor qu\u00e9 utilizar embalajes ecol\u00f3gicos?<span class=\"ez-toc-section-end\"><\/span><\/h2>\n<p>El uso de embalajes ecol\u00f3gico contribuye a la reducci\u00f3n de desechos y dar una segunda vida al material, evitando por tanto el uso de materias primas v\u00edrgenes que causan m\u00e1s impacto en el medio ambiente.<\/p>\n<p>Una buena pr\u00e1ctica para contribuir con nuestro ecosistema y proteger de la mejor forma posible la naturaleza es llevar a cabo la regla de las 3R\u2019s.<\/p>\n<h2><span class=\"ez-toc-section\" id=\"%C2%BFEn_que_consiste_la_regla_de_las_3Rs\"><\/span><strong>\u00bfEn qu\u00e9 consiste la regla de las 3R\u2019s?<\/strong><span class=\"ez-toc-section-end\"><\/span><\/h2>\n<h3><span class=\"ez-toc-section\" id=\"Reducir_Reutilizar_y_Reciclar\"><\/span><strong>Reducir, Reutilizar y Reciclar<\/strong><span class=\"ez-toc-section-end\"><\/span><\/h3>\n<h4><span class=\"ez-toc-section\" id=\"Reducir\"><\/span><strong>Reducir<\/strong><span class=\"ez-toc-section-end\"><\/span><\/h4>\n<p>Es una pr\u00e1ctica sencilla, trata de utilizar el menor n\u00famero de productos para su embalaje proporcionando la misma funcionalidad.<\/p>\n<p>Evitar el consumo productos de tiempo de vida corta y limitada, sustituir en la medida de lo posible por otros productos cuya vida sea m\u00e1s larga y puedan usarse de nuevo.<\/p>\n<p>Se trata de minimizar al m\u00e1ximo el uso de recursos naturales.<\/p>\n<p>Una forma efectiva de reducir en embalaje es cambiar el uso de materias v\u00edrgenes por el uso de embalajes fabricados con materias recicladas y productos ecol\u00f3gicos.<\/p>\n<p>Por ejemplo podr\u00edamos enviar nuestros productos en bolsas Courier fabricadas en material reciclado, reduciendo la materia prima virgen y el volumen del paquete para que el transporte tenga m\u00e1s espacio a la hora de su reparto y el impacto de CO2 sea menor.<\/p>\n<h4><span class=\"ez-toc-section\" id=\"Reutilizar\"><\/span><strong>Reutilizar<\/strong><span class=\"ez-toc-section-end\"><\/span><\/h4>\n<p>Es una de las R de gran importancia, dar una segunda vida a todos los productos que se han tenido que adquirir de modo inevitable.<\/p>\n<p>Ser consciente que todos los materiales o bienes pueden tener m\u00e1s de una vida \u00fatil; se pueden reparar para un mismo uso o con un poco de imaginaci\u00f3n le podemos dar un uso diferente.<\/p>\n<p>Un ejemplo ser\u00eda reutilizar material de relleno y protecci\u00f3n para nuevos env\u00edos.<\/p>\n<h4><span class=\"ez-toc-section\" id=\"Reciclar\"><\/span><strong>Reciclar<\/strong><span class=\"ez-toc-section-end\"><\/span><\/h4>\n<p>Podr\u00eda decirse que es la R de mayor importancia.<\/p>\n<p>En este procedimiento se tratan los desechos y residuos y se convierten en nuevos productos o en materia prima para su posterior utilizaci\u00f3n.<\/p>\n<p>Con este gesto se logra:<\/p>\n<p>La reducci\u00f3n del volumen de residuos, y por lo tanto de la contaminaci\u00f3n que causar\u00edan y la preservaci\u00f3n de los recursos naturales, ya que la materia reciclada se vuelve a utilizar.<\/p>\n<p>Una pr\u00e1ctica importante es separar los residuos por tipolog\u00edas y depositarlos en los contenedores adecuados.<\/p>\n<p>&nbsp;<\/p>\n<h2><span class=\"ez-toc-section\" id=\"_%C2%BFCuales_son_las_diferencias_entre_biodegradable_y_compostable\"><\/span><strong>\u00a0<span style=\"font-style: inherit; font-weight: inherit;\">\u00bfCu\u00e1les son las diferencias entre biodegradable y compostable<\/span>?<\/strong><span class=\"ez-toc-section-end\"><\/span><\/h2>\n<p>&nbsp;<\/p>\n<p>\u00daltimamente escuchamos hablar mucho sobre si una materia es biodegradable o comportable y nos sabemos muy bien a que se refieren ambos t\u00e9rminos.<\/p>\n<p>Es importante conocer cual es el comportamiento de dicha materia a la hora de descomposici\u00f3n y que origina cada una de ella.<\/p>\n<p>Los productos biodegradables son productos que se descomponen por el proceso biol\u00f3gico natural en los elementos qu\u00edmicos que lo conforman, debido a la acci\u00f3n de agentes biol\u00f3gicos (microorganismos).<\/p>\n<p>Los productos compostables, no solo terminan degrad\u00e1ndose como los biodegradables, sino que adem\u00e1s\u00a0se convierten en abono org\u00e1nico. Se trata de una materia org\u00e1nica que finaliza su ciclo evitando la contaminaci\u00f3n tanto de los suelos o las emisiones de gases que provoca la transformaci\u00f3n de los residuos.<\/p>\n<p>&nbsp;<\/p>\n<p>Desde Embaling esperamos haber podido resolver sus dudas de como poder ser un poco m\u00e1s\u00a0<em>ecofriendly<\/em>\u00a0y ver como con peque\u00f1os gestos se puede cuidar el planeta.<\/p>\n<p>Y recuerde, si tiene alguna duda contacte con nuestro equipo para que pueda asesorarle sobre como hacer un uso de nuestra gama de productos ecol\u00f3gicos en sus env\u00edos.<\/p>\n<p>&nbsp;<\/p>\n<p>&nbsp;<\/p>\n<p>&nbsp;<\/p>\n<p><img loading=\"lazy\" decoding=\"async\" class=\"aligncenter wp-image-200 size-full\" src=\"https:\/\/www.embaling.com\/blog\/wp-content\/uploads\/2021\/01\/embalajes-ecologicos.jpg\" alt=\"\" width=\"1800\" height=\"1188\" srcset=\"https:\/\/embaling.com\/blog\/wp-content\/uploads\/2021\/01\/embalajes-ecologicos.jpg 1800w, https:\/\/embaling.com\/blog\/wp-content\/uploads\/2021\/01\/embalajes-ecologicos-300x198.jpg 300w, https:\/\/embaling.com\/blog\/wp-content\/uploads\/2021\/01\/embalajes-ecologicos-1024x676.jpg 1024w, https:\/\/embaling.com\/blog\/wp-content\/uploads\/2021\/01\/embalajes-ecologicos-768x507.jpg 768w, https:\/\/embaling.com\/blog\/wp-content\/uploads\/2021\/01\/embalajes-ecologicos-1536x1014.jpg 1536w\" sizes=\"auto, (max-width: 1800px) 100vw, 1800px\" \/><\/p>\n","protected":false},"excerpt":{"rendered":"<p>Somos conscientes de la importancia que tienen las pr\u00e1cticas responsables que respetan el medio ambiente y que permiten un avance de la sociedad hacia un mundo mejor. Por eso consideramos importante el poder utilizar embalajes ecol\u00f3gicos en sus env\u00edos, reduciendo la huella ecol\u00f3gica.<\/p>\n","protected":false},"author":2,"featured_media":200,"comment_status":"open","ping_status":"open","sticky":false,"template":"","format":"standard","meta":{"_acf_changed":false,"footnotes":""},"categories":[1,20],"tags":[9],"class_list":["post-196","post","type-post","status-publish","format-standard","has-post-thumbnail","hentry","category-embalaje","category-medio-ambiente","tag-ecologico"],"acf":[],"yoast_head":"<!-- This site is optimized with the Yoast SEO plugin v26.8 - https:\/\/yoast.com\/product\/yoast-seo-wordpress\/ -->\n<title>Embalajes ecol\u00f3gicos para tus env\u00edos - Embaling<\/title>\n<meta name=\"description\" content=\"En Embaling somos conscientes de la importancia que tienen las pr\u00e1cticas responsables que respetan el medio ambiente y que permiten un avance de la sociedad hacia un mundo mejor. Por eso consideramos importante el uso de embalajes ecol\u00f3gicos en sus env\u00edos, reduciendo la huella ecol\u00f3gica.\" \/>\n<meta name=\"robots\" content=\"index, follow, max-snippet:-1, max-image-preview:large, max-video-preview:-1\" \/>\n<link rel=\"canonical\" href=\"https:\/\/embaling.com\/blog\/embalajes-ecologicos\/\" \/>\n<meta property=\"og:locale\" content=\"es_ES\" \/>\n<meta property=\"og:type\" content=\"article\" \/>\n<meta property=\"og:title\" content=\"Embalajes ecol\u00f3gicos para tus env\u00edos - Embaling\" \/>\n<meta property=\"og:description\" content=\"En Embaling somos conscientes de la importancia que tienen las pr\u00e1cticas responsables que respetan el medio ambiente y que permiten un avance de la sociedad hacia un mundo mejor. Por eso consideramos importante el uso de embalajes ecol\u00f3gicos en sus env\u00edos, reduciendo la huella ecol\u00f3gica.\" \/>\n<meta property=\"og:url\" content=\"https:\/\/embaling.com\/blog\/embalajes-ecologicos\/\" \/>\n<meta property=\"og:site_name\" content=\"Embaling\" \/>\n<meta property=\"article:published_time\" content=\"2021-01-14T10:49:27+00:00\" \/>\n<meta property=\"article:modified_time\" content=\"2023-02-06T15:38:30+00:00\" \/>\n<meta property=\"og:image\" content=\"https:\/\/embaling.com\/blog\/wp-content\/uploads\/2021\/01\/embalajes-ecologicos.jpg\" \/>\n\t<meta property=\"og:image:width\" content=\"1800\" \/>\n\t<meta property=\"og:image:height\" content=\"1188\" \/>\n\t<meta property=\"og:image:type\" content=\"image\/jpeg\" \/>\n<meta name=\"author\" content=\"danielpenalver\" \/>\n<meta name=\"twitter:card\" content=\"summary_large_image\" \/>\n<meta name=\"twitter:label1\" content=\"Escrito por\" \/>\n\t<meta name=\"twitter:data1\" content=\"danielpenalver\" \/>\n\t<meta name=\"twitter:label2\" content=\"Tiempo de lectura\" \/>\n\t<meta name=\"twitter:data2\" content=\"3 minutos\" \/>\n<script type=\"application\/ld+json\" class=\"yoast-schema-graph\">{\"@context\":\"https:\/\/schema.org\",\"@graph\":[{\"@type\":\"Article\",\"@id\":\"https:\/\/embaling.com\/blog\/embalajes-ecologicos\/#article\",\"isPartOf\":{\"@id\":\"https:\/\/embaling.com\/blog\/embalajes-ecologicos\/\"},\"author\":{\"name\":\"danielpenalver\",\"@id\":\"https:\/\/embaling.com\/blog\/#\/schema\/person\/29adbcadddba950f8457e9d46d6fef13\"},\"headline\":\"Embalajes ecol\u00f3gicos\",\"datePublished\":\"2021-01-14T10:49:27+00:00\",\"dateModified\":\"2023-02-06T15:38:30+00:00\",\"mainEntityOfPage\":{\"@id\":\"https:\/\/embaling.com\/blog\/embalajes-ecologicos\/\"},\"wordCount\":652,\"commentCount\":0,\"image\":{\"@id\":\"https:\/\/embaling.com\/blog\/embalajes-ecologicos\/#primaryimage\"},\"thumbnailUrl\":\"https:\/\/embaling.com\/blog\/wp-content\/uploads\/2021\/01\/embalajes-ecologicos.jpg\",\"keywords\":[\"ecologico\"],\"articleSection\":[\"Embalaje\",\"Medio ambiente\"],\"inLanguage\":\"es\",\"potentialAction\":[{\"@type\":\"CommentAction\",\"name\":\"Comment\",\"target\":[\"https:\/\/embaling.com\/blog\/embalajes-ecologicos\/#respond\"]}]},{\"@type\":\"WebPage\",\"@id\":\"https:\/\/embaling.com\/blog\/embalajes-ecologicos\/\",\"url\":\"https:\/\/embaling.com\/blog\/embalajes-ecologicos\/\",\"name\":\"Embalajes ecol\u00f3gicos para tus env\u00edos - Embaling\",\"isPartOf\":{\"@id\":\"https:\/\/embaling.com\/blog\/#website\"},\"primaryImageOfPage\":{\"@id\":\"https:\/\/embaling.com\/blog\/embalajes-ecologicos\/#primaryimage\"},\"image\":{\"@id\":\"https:\/\/embaling.com\/blog\/embalajes-ecologicos\/#primaryimage\"},\"thumbnailUrl\":\"https:\/\/embaling.com\/blog\/wp-content\/uploads\/2021\/01\/embalajes-ecologicos.jpg\",\"datePublished\":\"2021-01-14T10:49:27+00:00\",\"dateModified\":\"2023-02-06T15:38:30+00:00\",\"author\":{\"@id\":\"https:\/\/embaling.com\/blog\/#\/schema\/person\/29adbcadddba950f8457e9d46d6fef13\"},\"description\":\"En Embaling somos conscientes de la importancia que tienen las pr\u00e1cticas responsables que respetan el medio ambiente y que permiten un avance de la sociedad hacia un mundo mejor. Por eso consideramos importante el uso de embalajes ecol\u00f3gicos en sus env\u00edos, reduciendo la huella ecol\u00f3gica.\",\"breadcrumb\":{\"@id\":\"https:\/\/embaling.com\/blog\/embalajes-ecologicos\/#breadcrumb\"},\"inLanguage\":\"es\",\"potentialAction\":[{\"@type\":\"ReadAction\",\"target\":[\"https:\/\/embaling.com\/blog\/embalajes-ecologicos\/\"]}]},{\"@type\":\"ImageObject\",\"inLanguage\":\"es\",\"@id\":\"https:\/\/embaling.com\/blog\/embalajes-ecologicos\/#primaryimage\",\"url\":\"https:\/\/embaling.com\/blog\/wp-content\/uploads\/2021\/01\/embalajes-ecologicos.jpg\",\"contentUrl\":\"https:\/\/embaling.com\/blog\/wp-content\/uploads\/2021\/01\/embalajes-ecologicos.jpg\",\"width\":1800,\"height\":1188},{\"@type\":\"BreadcrumbList\",\"@id\":\"https:\/\/embaling.com\/blog\/embalajes-ecologicos\/#breadcrumb\",\"itemListElement\":[{\"@type\":\"ListItem\",\"position\":1,\"name\":\"Blog\",\"item\":\"https:\/\/embaling.com\/blog\/\"},{\"@type\":\"ListItem\",\"position\":2,\"name\":\"Embalajes ecol\u00f3gicos\"}]},{\"@type\":\"WebSite\",\"@id\":\"https:\/\/embaling.com\/blog\/#website\",\"url\":\"https:\/\/embaling.com\/blog\/\",\"name\":\"Embaling\",\"description\":\"El blog del embalaje\",\"potentialAction\":[{\"@type\":\"SearchAction\",\"target\":{\"@type\":\"EntryPoint\",\"urlTemplate\":\"https:\/\/embaling.com\/blog\/?s={search_term_string}\"},\"query-input\":{\"@type\":\"PropertyValueSpecification\",\"valueRequired\":true,\"valueName\":\"search_term_string\"}}],\"inLanguage\":\"es\"},{\"@type\":\"Person\",\"@id\":\"https:\/\/embaling.com\/blog\/#\/schema\/person\/29adbcadddba950f8457e9d46d6fef13\",\"name\":\"danielpenalver\",\"image\":{\"@type\":\"ImageObject\",\"inLanguage\":\"es\",\"@id\":\"https:\/\/embaling.com\/blog\/#\/schema\/person\/image\/\",\"url\":\"https:\/\/secure.gravatar.com\/avatar\/a7f2c6d6f30a9eed55583632e8c5f22e?s=96&d=mm&r=g\",\"contentUrl\":\"https:\/\/secure.gravatar.com\/avatar\/a7f2c6d6f30a9eed55583632e8c5f22e?s=96&d=mm&r=g\",\"caption\":\"danielpenalver\"},\"url\":\"https:\/\/embaling.com\/blog\/author\/danielpenalver\/\"}]}<\/script>\n<!-- \/ Yoast SEO plugin. -->","yoast_head_json":{"title":"Embalajes ecol\u00f3gicos para tus env\u00edos - Embaling","description":"En Embaling somos conscientes de la importancia que tienen las pr\u00e1cticas responsables que respetan el medio ambiente y que permiten un avance de la sociedad hacia un mundo mejor. Por eso consideramos importante el uso de embalajes ecol\u00f3gicos en sus env\u00edos, reduciendo la huella ecol\u00f3gica.","robots":{"index":"index","follow":"follow","max-snippet":"max-snippet:-1","max-image-preview":"max-image-preview:large","max-video-preview":"max-video-preview:-1"},"canonical":"https:\/\/embaling.com\/blog\/embalajes-ecologicos\/","og_locale":"es_ES","og_type":"article","og_title":"Embalajes ecol\u00f3gicos para tus env\u00edos - Embaling","og_description":"En Embaling somos conscientes de la importancia que tienen las pr\u00e1cticas responsables que respetan el medio ambiente y que permiten un avance de la sociedad hacia un mundo mejor. Por eso consideramos importante el uso de embalajes ecol\u00f3gicos en sus env\u00edos, reduciendo la huella ecol\u00f3gica.","og_url":"https:\/\/embaling.com\/blog\/embalajes-ecologicos\/","og_site_name":"Embaling","article_published_time":"2021-01-14T10:49:27+00:00","article_modified_time":"2023-02-06T15:38:30+00:00","og_image":[{"width":1800,"height":1188,"url":"https:\/\/embaling.com\/blog\/wp-content\/uploads\/2021\/01\/embalajes-ecologicos.jpg","type":"image\/jpeg"}],"author":"danielpenalver","twitter_card":"summary_large_image","twitter_misc":{"Escrito por":"danielpenalver","Tiempo de lectura":"3 minutos"},"schema":{"@context":"https:\/\/schema.org","@graph":[{"@type":"Article","@id":"https:\/\/embaling.com\/blog\/embalajes-ecologicos\/#article","isPartOf":{"@id":"https:\/\/embaling.com\/blog\/embalajes-ecologicos\/"},"author":{"name":"danielpenalver","@id":"https:\/\/embaling.com\/blog\/#\/schema\/person\/29adbcadddba950f8457e9d46d6fef13"},"headline":"Embalajes ecol\u00f3gicos","datePublished":"2021-01-14T10:49:27+00:00","dateModified":"2023-02-06T15:38:30+00:00","mainEntityOfPage":{"@id":"https:\/\/embaling.com\/blog\/embalajes-ecologicos\/"},"wordCount":652,"commentCount":0,"image":{"@id":"https:\/\/embaling.com\/blog\/embalajes-ecologicos\/#primaryimage"},"thumbnailUrl":"https:\/\/embaling.com\/blog\/wp-content\/uploads\/2021\/01\/embalajes-ecologicos.jpg","keywords":["ecologico"],"articleSection":["Embalaje","Medio ambiente"],"inLanguage":"es","potentialAction":[{"@type":"CommentAction","name":"Comment","target":["https:\/\/embaling.com\/blog\/embalajes-ecologicos\/#respond"]}]},{"@type":"WebPage","@id":"https:\/\/embaling.com\/blog\/embalajes-ecologicos\/","url":"https:\/\/embaling.com\/blog\/embalajes-ecologicos\/","name":"Embalajes ecol\u00f3gicos para tus env\u00edos - Embaling","isPartOf":{"@id":"https:\/\/embaling.com\/blog\/#website"},"primaryImageOfPage":{"@id":"https:\/\/embaling.com\/blog\/embalajes-ecologicos\/#primaryimage"},"image":{"@id":"https:\/\/embaling.com\/blog\/embalajes-ecologicos\/#primaryimage"},"thumbnailUrl":"https:\/\/embaling.com\/blog\/wp-content\/uploads\/2021\/01\/embalajes-ecologicos.jpg","datePublished":"2021-01-14T10:49:27+00:00","dateModified":"2023-02-06T15:38:30+00:00","author":{"@id":"https:\/\/embaling.com\/blog\/#\/schema\/person\/29adbcadddba950f8457e9d46d6fef13"},"description":"En Embaling somos conscientes de la importancia que tienen las pr\u00e1cticas responsables que respetan el medio ambiente y que permiten un avance de la sociedad hacia un mundo mejor. Por eso consideramos importante el uso de embalajes ecol\u00f3gicos en sus env\u00edos, reduciendo la huella ecol\u00f3gica.","breadcrumb":{"@id":"https:\/\/embaling.com\/blog\/embalajes-ecologicos\/#breadcrumb"},"inLanguage":"es","potentialAction":[{"@type":"ReadAction","target":["https:\/\/embaling.com\/blog\/embalajes-ecologicos\/"]}]},{"@type":"ImageObject","inLanguage":"es","@id":"https:\/\/embaling.com\/blog\/embalajes-ecologicos\/#primaryimage","url":"https:\/\/embaling.com\/blog\/wp-content\/uploads\/2021\/01\/embalajes-ecologicos.jpg","contentUrl":"https:\/\/embaling.com\/blog\/wp-content\/uploads\/2021\/01\/embalajes-ecologicos.jpg","width":1800,"height":1188},{"@type":"BreadcrumbList","@id":"https:\/\/embaling.com\/blog\/embalajes-ecologicos\/#breadcrumb","itemListElement":[{"@type":"ListItem","position":1,"name":"Blog","item":"https:\/\/embaling.com\/blog\/"},{"@type":"ListItem","position":2,"name":"Embalajes ecol\u00f3gicos"}]},{"@type":"WebSite","@id":"https:\/\/embaling.com\/blog\/#website","url":"https:\/\/embaling.com\/blog\/","name":"Embaling","description":"El blog del embalaje","potentialAction":[{"@type":"SearchAction","target":{"@type":"EntryPoint","urlTemplate":"https:\/\/embaling.com\/blog\/?s={search_term_string}"},"query-input":{"@type":"PropertyValueSpecification","valueRequired":true,"valueName":"search_term_string"}}],"inLanguage":"es"},{"@type":"Person","@id":"https:\/\/embaling.com\/blog\/#\/schema\/person\/29adbcadddba950f8457e9d46d6fef13","name":"danielpenalver","image":{"@type":"ImageObject","inLanguage":"es","@id":"https:\/\/embaling.com\/blog\/#\/schema\/person\/image\/","url":"https:\/\/secure.gravatar.com\/avatar\/a7f2c6d6f30a9eed55583632e8c5f22e?s=96&d=mm&r=g","contentUrl":"https:\/\/secure.gravatar.com\/avatar\/a7f2c6d6f30a9eed55583632e8c5f22e?s=96&d=mm&r=g","caption":"danielpenalver"},"url":"https:\/\/embaling.com\/blog\/author\/danielpenalver\/"}]}},"_links":{"self":[{"href":"https:\/\/embaling.com\/blog\/wp-json\/wp\/v2\/posts\/196","targetHints":{"allow":["GET"]}}],"collection":[{"href":"https:\/\/embaling.com\/blog\/wp-json\/wp\/v2\/posts"}],"about":[{"href":"https:\/\/embaling.com\/blog\/wp-json\/wp\/v2\/types\/post"}],"author":[{"embeddable":true,"href":"https:\/\/embaling.com\/blog\/wp-json\/wp\/v2\/users\/2"}],"replies":[{"embeddable":true,"href":"https:\/\/embaling.com\/blog\/wp-json\/wp\/v2\/comments?post=196"}],"version-history":[{"count":5,"href":"https:\/\/embaling.com\/blog\/wp-json\/wp\/v2\/posts\/196\/revisions"}],"predecessor-version":[{"id":235,"href":"https:\/\/embaling.com\/blog\/wp-json\/wp\/v2\/posts\/196\/revisions\/235"}],"wp:featuredmedia":[{"embeddable":true,"href":"https:\/\/embaling.com\/blog\/wp-json\/wp\/v2\/media\/200"}],"wp:attachment":[{"href":"https:\/\/embaling.com\/blog\/wp-json\/wp\/v2\/media?parent=196"}],"wp:term":[{"taxonomy":"category","embeddable":true,"href":"https:\/\/embaling.com\/blog\/wp-json\/wp\/v2\/categories?post=196"},{"taxonomy":"post_tag","embeddable":true,"href":"https:\/\/embaling.com\/blog\/wp-json\/wp\/v2\/tags?post=196"}],"curies":[{"name":"wp","href":"https:\/\/api.w.org\/{rel}","templated":true}]}}